{"id":6971,"date":"2025-09-12T10:37:37","date_gmt":"2025-09-12T13:37:37","guid":{"rendered":"https:\/\/empleadospublicos.larioja.gob.ar\/RecursosHumanos\/?p=6971"},"modified":"2025-09-12T11:09:59","modified_gmt":"2025-09-12T14:09:59","slug":"primer-encuentro-para-potenciar-ideas-con-inteligencia-artificial-en-el-ministerio-de-hacienda-y-finanzas-publicas","status":"publish","type":"post","link":"https:\/\/empleadospublicos.larioja.gob.ar\/RecursosHumanos\/primer-encuentro-para-potenciar-ideas-con-inteligencia-artificial-en-el-ministerio-de-hacienda-y-finanzas-publicas\/","title":{"rendered":"Primer Encuentro Para Potenciar Ideas con Inteligencia Artificial"},"content":{"rendered":"<p>Se realiz\u00f3 el <strong><em>Primer Encuentro Para Potenciar Ideas con Inteligencia Artificial en el Ministerio de Hacienda y Finanzas Publicas<\/em><\/strong>.<\/p>\n<p>El mismo se desarroll\u00f3 en el Espacio 73 y estuvo organizado por la Subsecretar\u00eda de Gesti\u00f3n del Capital Humano a trav\u00e9s de su Direcci\u00f3n Gral. De Gesti\u00f3n y Modernizaci\u00f3n P\u00fablica. Cont\u00f3 con la participaci\u00f3n de Autoridades Superiores y m\u00e1s de 110 Funcionarios y Profesionales de todas las \u00e1reas del Ministerio.<\/p>\n<p>La disertaci\u00f3n estuvo a cargo del destacado Equipo Directivo y Profesional del Centro de Investigaci\u00f3n e Innovaci\u00f3n Cient\u00edfica de la UNLaR, entre los que destacamos al Dr. Eduardo Escobar, Director del mismo, el Secretario Legal y T\u00e9cnico del organismo, Dr. Juan Carlos Brizuela, la Sra. Coordinadora de la carrera de Ingenier\u00eda en Sistemas de Informaci\u00f3n, Cra. Andrea Caba\u00f1a y el Gerente de Ingenier\u00eda en Java y Arquitectura de Software Lic. Mg. Sebasti\u00e1n Torralba.<\/p>\n<p>Las exposiciones estuvieron moderadas por el Sr. Subsecretario de Gesti\u00f3n del Capital Humano, Cr. Carlos Medina y desarrollaron los ejes hist\u00f3rico-filos\u00f3ficos de la IA, su arquitectura, los modelos de aplicaci\u00f3n y ejemplificaci\u00f3n de sus usos principales en la administraci\u00f3n financiera de la gesti\u00f3n p\u00fablica. A su vez, se precis\u00f3 su encuadre jur\u00eddico, y contenidos de ciberseguridad.<\/p>\n<p>La presentaci\u00f3n estuvo avalada por el Sr. Ministro de Hacienda y Finanzas P\u00fablicas, Cr. Jorge Quintero, quien siguiendo expresas directivas del Sr. Gobernador Dn, Ricardo Clemente Quintela, promovi\u00f3 esta iniciativa en pos de modernizar la gesti\u00f3n de la administraci\u00f3n p\u00fablica provincial en beneficio de nuestros ciudadanos.<\/p>\n<p>Cabe destacar que la Subsecretaria del Ministerio de Hacienda y Finanzas Publicas y la UNLaR son pioneros en el desarrollo de IAs aplicadas a sus sistemas de administraci\u00f3n.<\/p>\n<p><img loading=\"lazy\" class=\"alignnone size-medium wp-image-6973\" src=\"https:\/\/empleadospublicos.larioja.gob.ar\/RecursosHumanos\/wp-content\/uploads\/2025\/09\/002-300x225.jpeg\" alt=\"\" width=\"300\" height=\"225\" srcset=\"https:\/\/empleadospublicos.larioja.gob.ar\/RecursosHumanos\/wp-content\/uploads\/2025\/09\/002-300x225.jpeg 300w, https:\/\/empleadospublicos.larioja.gob.ar\/RecursosHumanos\/wp-content\/uploads\/2025\/09\/002-1024x768.jpeg 1024w, https:\/\/empleadospublicos.larioja.gob.ar\/RecursosHumanos\/wp-content\/uploads\/2025\/09\/002-768x576.jpeg 768w, https:\/\/empleadospublicos.larioja.gob.ar\/RecursosHumanos\/wp-content\/uploads\/2025\/09\/002.jpeg 1280w\" sizes=\"(max-width: 300px) 100vw, 300px\" \/><img loading=\"lazy\" class=\"alignnone size-medium wp-image-6974\" src=\"https:\/\/empleadospublicos.larioja.gob.ar\/RecursosHumanos\/wp-content\/uploads\/2025\/09\/003-300x225.jpeg\" alt=\"\" width=\"300\" height=\"225\" srcset=\"https:\/\/empleadospublicos.larioja.gob.ar\/RecursosHumanos\/wp-content\/uploads\/2025\/09\/003-300x225.jpeg 300w, https:\/\/empleadospublicos.larioja.gob.ar\/RecursosHumanos\/wp-content\/uploads\/2025\/09\/003-1024x768.jpeg 1024w, https:\/\/empleadospublicos.larioja.gob.ar\/RecursosHumanos\/wp-content\/uploads\/2025\/09\/003-768x576.jpeg 768w, https:\/\/empleadospublicos.larioja.gob.ar\/RecursosHumanos\/wp-content\/uploads\/2025\/09\/003.jpeg 1280w\" sizes=\"(max-width: 300px) 100vw, 300px\" \/><img loading=\"lazy\" class=\"alignnone size-medium wp-image-6975\" src=\"https:\/\/empleadospublicos.larioja.gob.ar\/RecursosHumanos\/wp-content\/uploads\/2025\/09\/004-300x225.jpeg\" alt=\"\" width=\"300\" height=\"225\" srcset=\"https:\/\/empleadospublicos.larioja.gob.ar\/RecursosHumanos\/wp-content\/uploads\/2025\/09\/004-300x225.jpeg 300w, https:\/\/empleadospublicos.larioja.gob.ar\/RecursosHumanos\/wp-content\/uploads\/2025\/09\/004-1024x768.jpeg 1024w, https:\/\/empleadospublicos.larioja.gob.ar\/RecursosHumanos\/wp-content\/uploads\/2025\/09\/004-768x576.jpeg 768w, https:\/\/empleadospublicos.larioja.gob.ar\/RecursosHumanos\/wp-content\/uploads\/2025\/09\/004.jpeg 1280w\" sizes=\"(max-width: 300px) 100vw, 300px\" \/><img loading=\"lazy\" class=\"alignnone size-medium wp-image-6976\" src=\"https:\/\/empleadospublicos.larioja.gob.ar\/RecursosHumanos\/wp-content\/uploads\/2025\/09\/005-300x225.jpeg\" alt=\"\" width=\"300\" height=\"225\" srcset=\"https:\/\/empleadospublicos.larioja.gob.ar\/RecursosHumanos\/wp-content\/uploads\/2025\/09\/005-300x225.jpeg 300w, https:\/\/empleadospublicos.larioja.gob.ar\/RecursosHumanos\/wp-content\/uploads\/2025\/09\/005-1024x768.jpeg 1024w, https:\/\/empleadospublicos.larioja.gob.ar\/RecursosHumanos\/wp-content\/uploads\/2025\/09\/005-768x576.jpeg 768w, https:\/\/empleadospublicos.larioja.gob.ar\/RecursosHumanos\/wp-content\/uploads\/2025\/09\/005.jpeg 1280w\" sizes=\"(max-width: 300px) 100vw, 300px\" \/><img loading=\"lazy\" class=\"alignnone size-medium wp-image-6972\" src=\"https:\/\/empleadospublicos.larioja.gob.ar\/RecursosHumanos\/wp-content\/uploads\/2025\/09\/001-300x225.jpeg\" alt=\"\" width=\"300\" height=\"225\" srcset=\"https:\/\/empleadospublicos.larioja.gob.ar\/RecursosHumanos\/wp-content\/uploads\/2025\/09\/001-300x225.jpeg 300w, https:\/\/empleadospublicos.larioja.gob.ar\/RecursosHumanos\/wp-content\/uploads\/2025\/09\/001-1024x768.jpeg 1024w, https:\/\/empleadospublicos.larioja.gob.ar\/RecursosHumanos\/wp-content\/uploads\/2025\/09\/001-768x576.jpeg 768w, https:\/\/empleadospublicos.larioja.gob.ar\/RecursosHumanos\/wp-content\/uploads\/2025\/09\/001.jpeg 1280w\" sizes=\"(max-width: 300px) 100vw, 300px\" \/><img loading=\"lazy\" class=\"alignnone size-medium wp-image-6978\" src=\"https:\/\/empleadospublicos.larioja.gob.ar\/RecursosHumanos\/wp-content\/uploads\/2025\/09\/007-300x225.jpeg\" alt=\"\" width=\"300\" height=\"225\" srcset=\"https:\/\/empleadospublicos.larioja.gob.ar\/RecursosHumanos\/wp-content\/uploads\/2025\/09\/007-300x225.jpeg 300w, https:\/\/empleadospublicos.larioja.gob.ar\/RecursosHumanos\/wp-content\/uploads\/2025\/09\/007-1024x768.jpeg 1024w, https:\/\/empleadospublicos.larioja.gob.ar\/RecursosHumanos\/wp-content\/uploads\/2025\/09\/007-768x576.jpeg 768w, https:\/\/empleadospublicos.larioja.gob.ar\/RecursosHumanos\/wp-content\/uploads\/2025\/09\/007.jpeg 1280w\" sizes=\"(max-width: 300px) 100vw, 300px\" \/><\/p>\n","protected":false},"excerpt":{"rendered":"<p>Se realiz\u00f3 el Primer Encuentro Para Potenciar Ideas con Inteligencia Artificial en el Ministerio de Hacienda y Finanzas Publicas. El mismo se desarroll\u00f3 en el Espacio 73 y estuvo organizado por la Subsecretar\u00eda de Gesti\u00f3n del Capital Humano a trav\u00e9s de su Direcci\u00f3n Gral. De Gesti\u00f3n y Modernizaci\u00f3n P\u00fablica. Cont\u00f3 con la participaci\u00f3n de Autoridades [&hellip;]<\/p>\n","protected":false},"author":1,"featured_media":6986,"comment_status":"closed","ping_status":"closed","sticky":false,"template":"","format":"standard","meta":[],"categories":[1],"tags":[],"_links":{"self":[{"href":"https:\/\/empleadospublicos.larioja.gob.ar\/RecursosHumanos\/wp-json\/wp\/v2\/posts\/6971"}],"collection":[{"href":"https:\/\/empleadospublicos.larioja.gob.ar\/RecursosHumanos\/wp-json\/wp\/v2\/posts"}],"about":[{"href":"https:\/\/empleadospublicos.larioja.gob.ar\/RecursosHumanos\/wp-json\/wp\/v2\/types\/post"}],"author":[{"embeddable":true,"href":"https:\/\/empleadospublicos.larioja.gob.ar\/RecursosHumanos\/wp-json\/wp\/v2\/users\/1"}],"replies":[{"embeddable":true,"href":"https:\/\/empleadospublicos.larioja.gob.ar\/RecursosHumanos\/wp-json\/wp\/v2\/comments?post=6971"}],"version-history":[{"count":3,"href":"https:\/\/empleadospublicos.larioja.gob.ar\/RecursosHumanos\/wp-json\/wp\/v2\/posts\/6971\/revisions"}],"predecessor-version":[{"id":6989,"href":"https:\/\/empleadospublicos.larioja.gob.ar\/RecursosHumanos\/wp-json\/wp\/v2\/posts\/6971\/revisions\/6989"}],"wp:featuredmedia":[{"embeddable":true,"href":"https:\/\/empleadospublicos.larioja.gob.ar\/RecursosHumanos\/wp-json\/wp\/v2\/media\/6986"}],"wp:attachment":[{"href":"https:\/\/empleadospublicos.larioja.gob.ar\/RecursosHumanos\/wp-json\/wp\/v2\/media?parent=6971"}],"wp:term":[{"taxonomy":"category","embeddable":true,"href":"https:\/\/empleadospublicos.larioja.gob.ar\/RecursosHumanos\/wp-json\/wp\/v2\/categories?post=6971"},{"taxonomy":"post_tag","embeddable":true,"href":"https:\/\/empleadospublicos.larioja.gob.ar\/RecursosHumanos\/wp-json\/wp\/v2\/tags?post=6971"}],"curies":[{"name":"wp","href":"https:\/\/api.w.org\/{rel}","templated":true}]}}